{"id":8338,"date":"2016-02-12T15:05:51","date_gmt":"2016-02-12T12:05:51","guid":{"rendered":"https:\/\/alanbaskanligi.bursa.bel.tr\/en\/?p=8338"},"modified":"2024-08-12T15:07:05","modified_gmt":"2024-08-12T12:07:05","slug":"owhc-genel-sekreterinin-bursa-ziyareti","status":"publish","type":"post","link":"https:\/\/alanbaskanligi.bursa.bel.tr\/en\/owhc-genel-sekreterinin-bursa-ziyareti\/","title":{"rendered":"OWHC GENEL SEKRETER\u0130\u2019N\u0130N BURSA Z\u0130YARET\u0130"},"content":{"rendered":"<p>D\u00fcnya Miras\u0131 \u015eehirleri Te\u015fkilat\u0131 (Organization of World Heritage Cities) Genel Sekreteri Denis RICARD ve Meksika\u2019n\u0131n Oaxaca \u015fehri temsilcisi\u00a0 Mimar Gerardo Corres TENORIO Bursa B\u00fcy\u00fck\u015fehir Belediye Ba\u015fkan Vekili Abdullah KARADA\u011e ve Abd\u00fclkadir KARLIK\u2019\u0131 Tarihi Belediye Binas\u0131\u2019nda ziyaret ettiler.<\/p>\n<p>G\u00f6r\u00fc\u015fmede, D\u00fcnya Miras\u0131 \u015eehirleri Te\u015fkilat\u0131\u2019nca her iki y\u0131lda bir d\u00fczenlenen d\u00fcnya kongrelerine ili\u015fkin olarak 2017 D\u00fcnya Kongresi\u2019nin Kore\u2019de ger\u00e7ekle\u015ftirilece\u011fini belirterek bu t\u00fcr kongrelerde Belediye Ba\u015fkanlar\u0131, koruma uzmanlar\u0131, 14-17 ve 17-21 ya\u015f gruplar\u0131ndaki gen\u00e7ler ve gazeteciler i\u00e7in e\u015f zamanl\u0131 oturumlar ger\u00e7ekle\u015ftirildi\u011fini bildirdiler. Bursa\u2019n\u0131n da ileride yap\u0131lacak d\u00fcnya kongrelerine kat\u0131larak kentin tan\u0131t\u0131m\u0131 i\u00e7in etkinlikler d\u00fczenleyebilece\u011fini belirttiler. Toplant\u0131 s\u0131ras\u0131nda konuklar Bursa B\u00fcy\u00fck\u015fehir Belediye Ba\u015fkan\u0131 Recep ALTEPE ile K\u00fclt\u00fcr ve Turizm Dairesi Ba\u015fkan\u0131 Aziz ELBAS\u2019a Bursa\u2019daki tarihi ve k\u00fclt\u00fcrel miras \u00e7al\u0131\u015fmalar\u0131ndaki katk\u0131lar\u0131ndan dolay\u0131 te\u015fekk\u00fcr ettiler.<\/p>\n<p>Konuklara Bursa\u2019da kald\u0131klar\u0131 iki g\u00fcn s\u00fcresince Hanlar B\u00f6lgesi, H\u00fcdavendigar K\u00fclliyesi, Muradiye K\u00fclliyesi, Ye\u015fil K\u00fclliyesi, Cumal\u0131k\u0131z\u0131k, Karag\u00f6z M\u00fczesi, Kent M\u00fczesi ve Irgand\u0131 K\u00f6pr\u00fcs\u00fc ziyaretleri s\u0131ras\u0131nda Bursa Alan Ba\u015fkanl\u0131\u011f\u0131 Ekibi e\u015flik etti.<\/p>\n<p>Bursa\u2019n\u0131n D\u00fcnya Miras\u0131 \u015eehirleri Te\u015fkilat\u0131\u2019na \u00fcye olmak \u00fczere \u00e7al\u0131\u015fmalar y\u00fcr\u00fctt\u00fc\u011f\u00fc bu d\u00f6nemde OWHC Genel Sekreteri Denis RICARD ve Mimar Gerardo Corres TENORIO, Bursa\u2019dan olumlu izlenimlerle ayr\u0131ld\u0131lar.<\/p>\n<p>&nbsp;<\/p>\n<p><em>*\u2019Organization of World Heritage Cities\u2019 web sitesinde yer alan habere\u00a0<a href=\"http:\/\/www.ovpm.org\/en\/news\/meeting_representatives_city_bursa_turkey\" target=\"_blank\" rel=\"noopener\">http:\/\/www.ovpm.org\/en\/news\/meeting_representatives_city_bursa_turkey\u00a0<\/a>\u00a0 linkinden ula\u015fabilirsiniz.<\/em><\/p>\n","protected":false},"excerpt":{"rendered":"<p>D\u00fcnya Miras\u0131 \u015eehirleri Te\u015fkilat\u0131 (Organization of World Heritage Cities) Genel Sekreteri Denis RICARD ve Meksika\u2019n\u0131n Oaxaca \u015fehri temsilcisi\u00a0 Mimar Gerardo Corres TENORIO Bursa B\u00fcy\u00fck\u015fehir Belediye Ba\u015fkan Vekili Abdullah KARADA\u011e ve Abd\u00fclkadir KARLIK\u2019\u0131 Tarihi Belediye Binas\u0131\u2019nda ziyaret ettiler. G\u00f6r\u00fc\u015fmede, D\u00fcnya Miras\u0131 [&hellip;]<\/p>\n","protected":false},"author":6,"featured_media":0,"comment_status":"closed","ping_status":"open","sticky":false,"template":"","format":"standard","meta":{"footnotes":""},"categories":[1],"tags":[],"class_list":["post-8338","post","type-post","status-publish","format-standard","hentry","category-news","gallery-content-unit"],"_links":{"self":[{"href":"https:\/\/alanbaskanligi.bursa.bel.tr\/en\/wp-json\/wp\/v2\/posts\/8338","targetHints":{"allow":["GET"]}}],"collection":[{"href":"https:\/\/alanbaskanligi.bursa.bel.tr\/en\/wp-json\/wp\/v2\/posts"}],"about":[{"href":"https:\/\/alanbaskanligi.bursa.bel.tr\/en\/wp-json\/wp\/v2\/types\/post"}],"author":[{"embeddable":true,"href":"https:\/\/alanbaskanligi.bursa.bel.tr\/en\/wp-json\/wp\/v2\/users\/6"}],"replies":[{"embeddable":true,"href":"https:\/\/alanbaskanligi.bursa.bel.tr\/en\/wp-json\/wp\/v2\/comments?post=8338"}],"version-history":[{"count":1,"href":"https:\/\/alanbaskanligi.bursa.bel.tr\/en\/wp-json\/wp\/v2\/posts\/8338\/revisions"}],"predecessor-version":[{"id":8344,"href":"https:\/\/alanbaskanligi.bursa.bel.tr\/en\/wp-json\/wp\/v2\/posts\/8338\/revisions\/8344"}],"wp:attachment":[{"href":"https:\/\/alanbaskanligi.bursa.bel.tr\/en\/wp-json\/wp\/v2\/media?parent=8338"}],"wp:term":[{"taxonomy":"category","embeddable":true,"href":"https:\/\/alanbaskanligi.bursa.bel.tr\/en\/wp-json\/wp\/v2\/categories?post=8338"},{"taxonomy":"post_tag","embeddable":true,"href":"https:\/\/alanbaskanligi.bursa.bel.tr\/en\/wp-json\/wp\/v2\/tags?post=8338"}],"curies":[{"name":"wp","href":"https:\/\/api.w.org\/{rel}","templated":true}]}}