{"id":8345,"date":"2016-03-01T15:09:12","date_gmt":"2016-03-01T12:09:12","guid":{"rendered":"https:\/\/alanbaskanligi.bursa.bel.tr\/en\/?p=8345"},"modified":"2024-08-12T15:09:44","modified_gmt":"2024-08-12T12:09:44","slug":"bursa-alan-baskanligi-kutuphaneler-haftasi-etkinliklerini-tamamladi","status":"publish","type":"post","link":"https:\/\/alanbaskanligi.bursa.bel.tr\/en\/bursa-alan-baskanligi-kutuphaneler-haftasi-etkinliklerini-tamamladi\/","title":{"rendered":"BURSA ALAN BA\u015eKANLI\u011eI K\u00dcT\u00dcPHANELER HAFTASI ETK\u0130NL\u0130KLER\u0130N\u0130 TAMAMLADI"},"content":{"rendered":"<p>Bursa Alan Ba\u015fkanl\u0131\u011f\u0131 taraf\u0131ndan ger\u00e7ekle\u015ftirilen \u201cUNESCO D\u00fcnya Miras\u0131 Bursa\u201d bilin\u00e7lendirme \u00e7al\u0131\u015fmalar\u0131 kapsam\u0131nda, K\u00fct\u00fcphaneler Haftas\u0131 sebebiyle 28 Mart 2016 tarihinde Alipa\u015fa Oyuncak K\u00fct\u00fcphanesi\u2019nde mahalle halk\u0131n\u0131n kat\u0131l\u0131m\u0131yla Ebeveyn-\u00c7ocuk at\u00f6lye \u00e7al\u0131\u015fmas\u0131, 1 Nisan 2016 tarihinde Mithatpa\u015fa \u0130lkokulu 3\/A s\u0131n\u0131f\u0131 \u00f6\u011frencileri ile at\u00f6lye \u00e7al\u0131\u015fmas\u0131 (sunum ve \u00e7izgi film izleme) Alan Ba\u015fkanl\u0131\u011f\u0131\u2019nda g\u00f6revli Restorat\u00f6r \u00dcmm\u00fc DO\u011eAN taraf\u0131ndan ger\u00e7ekle\u015ftirildi.<\/p>\n<p>Ebeveyn \u00e7ocuk at\u00f6lye \u00e7al\u0131\u015fmas\u0131na 6 veli ve 5-7 ya\u015f grubu 6 \u00e7ocuk kat\u0131lm\u0131\u015f olup, ger\u00e7ekle\u015ftirilen etkinlikte, \u201cPatrimonito\u2019nun Maceralar\u0131\u201d \u00e7izgi filmini izleme, \u201cUNESCO D\u00fcnya Miras\u0131 Bursa\u201d hikaye kitab\u0131 anlat\u0131m\u0131 ve \u201cD\u00fcnya Miras\u0131 Bursa\u201d boyama kitab\u0131ndaki tarihi yap\u0131lar\u0131 boyay\u0131p, anne ve \u00e7ocuk birlikte e\u011flenerek \u00f6\u011frenmenin payla\u015f\u0131m\u0131nda bulundular.<\/p>\n<p>Ayr\u0131ca; Lala\u015fahin Pa\u015fa \u00c7ocuk K\u00fct\u00fcphanesi\u2019nde 30 Mart 2016 tarihinde, Tophane \u0130lkokulu ana s\u0131n\u0131f\u0131 \u00f6\u011frencileri \u201cPatrimonito\u2019nun maceralar\u0131\u201d \u00e7izgi filmini izleyerek ve \u201cD\u00fcnya Miras\u0131 Bursa\u201d boyama kitab\u0131ndan istedikleri tarihi yap\u0131lar\u0131 boyayarak Bursa\u2019n\u0131n D\u00fcnya Miraslar\u0131n\u0131 e\u011flenerek daha yak\u0131ndan tan\u0131d\u0131lar.<\/p>\n","protected":false},"excerpt":{"rendered":"<p>Bursa Alan Ba\u015fkanl\u0131\u011f\u0131 taraf\u0131ndan ger\u00e7ekle\u015ftirilen \u201cUNESCO D\u00fcnya Miras\u0131 Bursa\u201d bilin\u00e7lendirme \u00e7al\u0131\u015fmalar\u0131 kapsam\u0131nda, K\u00fct\u00fcphaneler Haftas\u0131 sebebiyle 28 Mart 2016 tarihinde Alipa\u015fa Oyuncak K\u00fct\u00fcphanesi\u2019nde mahalle halk\u0131n\u0131n kat\u0131l\u0131m\u0131yla Ebeveyn-\u00c7ocuk at\u00f6lye \u00e7al\u0131\u015fmas\u0131, 1 Nisan 2016 tarihinde Mithatpa\u015fa \u0130lkokulu 3\/A s\u0131n\u0131f\u0131 \u00f6\u011frencileri ile at\u00f6lye \u00e7al\u0131\u015fmas\u0131 [&hellip;]<\/p>\n","protected":false},"author":6,"featured_media":0,"comment_status":"closed","ping_status":"open","sticky":false,"template":"","format":"standard","meta":{"footnotes":""},"categories":[1],"tags":[],"class_list":["post-8345","post","type-post","status-publish","format-standard","hentry","category-news","gallery-content-unit"],"_links":{"self":[{"href":"https:\/\/alanbaskanligi.bursa.bel.tr\/en\/wp-json\/wp\/v2\/posts\/8345","targetHints":{"allow":["GET"]}}],"collection":[{"href":"https:\/\/alanbaskanligi.bursa.bel.tr\/en\/wp-json\/wp\/v2\/posts"}],"about":[{"href":"https:\/\/alanbaskanligi.bursa.bel.tr\/en\/wp-json\/wp\/v2\/types\/post"}],"author":[{"embeddable":true,"href":"https:\/\/alanbaskanligi.bursa.bel.tr\/en\/wp-json\/wp\/v2\/users\/6"}],"replies":[{"embeddable":true,"href":"https:\/\/alanbaskanligi.bursa.bel.tr\/en\/wp-json\/wp\/v2\/comments?post=8345"}],"version-history":[{"count":2,"href":"https:\/\/alanbaskanligi.bursa.bel.tr\/en\/wp-json\/wp\/v2\/posts\/8345\/revisions"}],"predecessor-version":[{"id":8351,"href":"https:\/\/alanbaskanligi.bursa.bel.tr\/en\/wp-json\/wp\/v2\/posts\/8345\/revisions\/8351"}],"wp:attachment":[{"href":"https:\/\/alanbaskanligi.bursa.bel.tr\/en\/wp-json\/wp\/v2\/media?parent=8345"}],"wp:term":[{"taxonomy":"category","embeddable":true,"href":"https:\/\/alanbaskanligi.bursa.bel.tr\/en\/wp-json\/wp\/v2\/categories?post=8345"},{"taxonomy":"post_tag","embeddable":true,"href":"https:\/\/alanbaskanligi.bursa.bel.tr\/en\/wp-json\/wp\/v2\/tags?post=8345"}],"curies":[{"name":"wp","href":"https:\/\/api.w.org\/{rel}","templated":true}]}}