{"id":8352,"date":"2016-04-22T15:11:30","date_gmt":"2016-04-22T12:11:30","guid":{"rendered":"https:\/\/alanbaskanligi.bursa.bel.tr\/en\/?p=8352"},"modified":"2024-08-12T15:11:49","modified_gmt":"2024-08-12T12:11:49","slug":"unesco-bulusmalari-baska-bir-turizm-mumkun","status":"publish","type":"post","link":"https:\/\/alanbaskanligi.bursa.bel.tr\/en\/unesco-bulusmalari-baska-bir-turizm-mumkun\/","title":{"rendered":"UNESCO BULU\u015eMALARI-BA\u015eKA B\u0130R TUR\u0130ZM M\u00dcMK\u00dcN!"},"content":{"rendered":"<p><strong>UNESCO D\u00fcnya Miras Listesi<\/strong>\u2019nde yer alan Bursa\u2019n\u0131n tarihi alanlar\u0131nda Bursa Alan Ba\u015fkanl\u0131\u011f\u0131 taraf\u0131ndan periyodik olarak \u2018UNESCO Bulu\u015fmalar\u0131\u2019 ba\u015fl\u0131\u011f\u0131 alt\u0131nda uzman konu\u015fmac\u0131lar\u0131n kat\u0131ld\u0131\u011f\u0131 seminerler d\u00fczenlenmektedir. D\u00fcnya Miras alanlar\u0131m\u0131zdan biri olan Cumal\u0131k\u0131z\u0131k\u2019ta yerel halk\u0131 bilin\u00e7lendirme amac\u0131yla seminer etkinli\u011fi planlanm\u0131\u015ft\u0131r. Bu kapsamda Ye\u015fil Valiz Sorumlu Turizm Derne\u011fi Ba\u015fkan\u0131 Arzu Kutucu \u00d6zenen taraf\u0131ndan\u00a0<strong>Cumal\u0131k\u0131z\u0131k \u0130lkokulu-Ortaokulu Konferans Salonu\u2019nda<\/strong>\u00a0<strong>21 Nisan 2016 Per\u015fembe g\u00fcn\u00fc saat:20.00\u2019da \u201cBa\u015fka Bir Turizm M\u00fcmk\u00fcn!\u201d<\/strong>\u00a0ba\u015fl\u0131\u011f\u0131 ile sorumlu turizm konulu bir bilin\u00e7lendirme etkinli\u011fi yap\u0131lacakt\u0131r.<\/p>\n","protected":false},"excerpt":{"rendered":"<p>UNESCO D\u00fcnya Miras Listesi\u2019nde yer alan Bursa\u2019n\u0131n tarihi alanlar\u0131nda Bursa Alan Ba\u015fkanl\u0131\u011f\u0131 taraf\u0131ndan periyodik olarak \u2018UNESCO Bulu\u015fmalar\u0131\u2019 ba\u015fl\u0131\u011f\u0131 alt\u0131nda uzman konu\u015fmac\u0131lar\u0131n kat\u0131ld\u0131\u011f\u0131 seminerler d\u00fczenlenmektedir. D\u00fcnya Miras alanlar\u0131m\u0131zdan biri olan Cumal\u0131k\u0131z\u0131k\u2019ta yerel halk\u0131 bilin\u00e7lendirme amac\u0131yla seminer etkinli\u011fi planlanm\u0131\u015ft\u0131r. Bu kapsamda Ye\u015fil [&hellip;]<\/p>\n","protected":false},"author":6,"featured_media":0,"comment_status":"closed","ping_status":"open","sticky":false,"template":"","format":"standard","meta":{"footnotes":""},"categories":[1],"tags":[],"class_list":["post-8352","post","type-post","status-publish","format-standard","hentry","category-news","gallery-content-unit"],"_links":{"self":[{"href":"https:\/\/alanbaskanligi.bursa.bel.tr\/en\/wp-json\/wp\/v2\/posts\/8352","targetHints":{"allow":["GET"]}}],"collection":[{"href":"https:\/\/alanbaskanligi.bursa.bel.tr\/en\/wp-json\/wp\/v2\/posts"}],"about":[{"href":"https:\/\/alanbaskanligi.bursa.bel.tr\/en\/wp-json\/wp\/v2\/types\/post"}],"author":[{"embeddable":true,"href":"https:\/\/alanbaskanligi.bursa.bel.tr\/en\/wp-json\/wp\/v2\/users\/6"}],"replies":[{"embeddable":true,"href":"https:\/\/alanbaskanligi.bursa.bel.tr\/en\/wp-json\/wp\/v2\/comments?post=8352"}],"version-history":[{"count":2,"href":"https:\/\/alanbaskanligi.bursa.bel.tr\/en\/wp-json\/wp\/v2\/posts\/8352\/revisions"}],"predecessor-version":[{"id":8355,"href":"https:\/\/alanbaskanligi.bursa.bel.tr\/en\/wp-json\/wp\/v2\/posts\/8352\/revisions\/8355"}],"wp:attachment":[{"href":"https:\/\/alanbaskanligi.bursa.bel.tr\/en\/wp-json\/wp\/v2\/media?parent=8352"}],"wp:term":[{"taxonomy":"category","embeddable":true,"href":"https:\/\/alanbaskanligi.bursa.bel.tr\/en\/wp-json\/wp\/v2\/categories?post=8352"},{"taxonomy":"post_tag","embeddable":true,"href":"https:\/\/alanbaskanligi.bursa.bel.tr\/en\/wp-json\/wp\/v2\/tags?post=8352"}],"curies":[{"name":"wp","href":"https:\/\/api.w.org\/{rel}","templated":true}]}}