{"id":8356,"date":"2016-05-07T15:13:52","date_gmt":"2016-05-07T12:13:52","guid":{"rendered":"https:\/\/alanbaskanligi.bursa.bel.tr\/en\/?p=8356"},"modified":"2024-08-12T15:15:48","modified_gmt":"2024-08-12T12:15:48","slug":"alan-yonetimi-deneyim-ve-paylasimlar-modulu-bursada-yapildi","status":"publish","type":"post","link":"https:\/\/alanbaskanligi.bursa.bel.tr\/en\/alan-yonetimi-deneyim-ve-paylasimlar-modulu-bursada-yapildi\/","title":{"rendered":"ALAN Y\u00d6NET\u0130M\u0130: DENEY\u0130M VE PAYLA\u015eIMLAR MOD\u00dcL\u00dc BURSA\u2019DA YAPILDI"},"content":{"rendered":"<p>\u00c7ek\u00fcl Akademi, Tarihi Kentler Birli\u011fi ve T\u00fcrkiye Belediyeler Birli\u011fi taraf\u0131ndan ortakla\u015fa y\u00fcr\u00fct\u00fclen, \u201cAlan Y\u00f6netimi: Deneyim ve Payla\u015f\u0131mlar E\u011fitim Program\u0131\u201dn\u0131n 3. Mod\u00fcl\u00fc 4-6 May\u0131s 2016 tarihlerinde Bursa\u2019da ger\u00e7ekle\u015ftirildi. E\u011fitime \u0130zmir B\u00fcy\u00fck\u015fehir, Niksar, \u00dcnye, Mardin B\u00fcy\u00fck\u015fehir, Kayseri B\u00fcy\u00fck\u015fehir, Ey\u00fcp, Sivas, Denizli B\u00fcy\u00fck\u015fehir, Ayval\u0131k, \u0130zmit, Yalova, Mersin B\u00fcy\u00fck\u015fehir, Fo\u00e7a, Tarakl\u0131, Edirne, Gaziantep B\u00fcy\u00fck\u015fehir, Samsun B\u00fcy\u00fck\u015fehir belediyelerinin alan y\u00f6netimi ve UNESCO konusunda \u00e7al\u0131\u015fan birimlerden gelen 22 ki\u015filik uzman kadro kat\u0131ld\u0131.<\/p>\n<p>Bursa B\u00fcy\u00fck\u015fehir Belediyesi, Tarihi K\u00fclt\u00fcrel Miras \u015eube M\u00fcd\u00fcrl\u00fc\u011f\u00fc, Bursa Alan Ba\u015fkanl\u0131\u011f\u0131\u2019n\u0131n deste\u011fi ile ger\u00e7ekle\u015ftirilen e\u011fitim \u00e7al\u0131\u015fmas\u0131, 4 May\u0131s \u00c7ar\u015famba g\u00fcn\u00fc, \u00c7ek\u00fcl Vakf\u0131 Bursa temsilcisi Mithat KIRAYO\u011eLU\u2019nun a\u00e7\u0131l\u0131\u015f konu\u015fmas\u0131 ile ba\u015flad\u0131. Bursa Alan Ba\u015fkanl\u0131\u011f\u0131 ekibinden Y. Restorat\u00f6r Mimar Birben DURMA\u00c7ALI\u015e\u2019\u0131n \u201cBursa\u2019n\u0131n UNESCO D\u00fcnya Miras Listesi\u2019ne Giri\u015f S\u00fcreci\u201d sunumu ile devam etti. Ard\u0131ndan Bursa Alan Ba\u015fkanl\u0131\u011f\u0131 ekibinden Y. Sanat Tarih\u00e7isi Eser \u00c7ALIKU\u015eU \u201cUNESCO D\u00fcnya Miras\u0131 Bursa\u2019da S\u00fcrd\u00fcr\u00fclen Alan Ba\u015fkanl\u0131\u011f\u0131 Faaliyetleri\u201d konusunda sunumunu ger\u00e7ekle\u015ftirdi. \u00d6\u011fleden sonra D\u00fcnya Miras Alanlar\u0131\u2019ndan Muradiye T\u00fcrbeleri (II. Murad T\u00fcrbesi, Cem Sultan T\u00fcrbesi, K\u00fclliye hazire alan\u0131), Cumal\u0131k\u0131z\u0131k K\u00f6y\u00fc\u2019nde Cami, Cumal\u0131k\u0131z\u0131k M\u00fczesi, Cin Aral\u0131\u011f\u0131 ve tarihi sokaklar, Hanlar B\u00f6lgesi\u2019nde Orhan Camii, Koza Han\u0131, Ulu Cami, Bedesten, Geyve Han, Uzun\u00e7ar\u015f\u0131 ziyaret edildi. 5 May\u0131s Per\u015fembe g\u00fcn\u00fc proje y\u00f6netimi uygulama \u00e7al\u0131\u015fmas\u0131, interaktif e\u011fitim ve at\u00f6lye \u00e7al\u0131\u015fmas\u0131 ger\u00e7ekle\u015ftirildi. Sabah program\u0131nda kat\u0131l\u0131mc\u0131lar \u00c7EK\u00dcL Akademi alan y\u00f6netim uzman\u0131 Nam\u0131k Kemal D\u00f6leneken y\u00f6netiminde iki gruba ayr\u0131ld\u0131lar. Gruplar\u0131n moderat\u00f6rl\u00fc\u011f\u00fcn\u00fc Bursa Alan Ba\u015fkanl\u0131\u011f\u0131 ekibinden Birben DURMA\u00c7ALI\u015e ve Eser \u00c7ALIKU\u015eU y\u00fcr\u00fcterek, \u00e7e\u015fitli belediyelerden gelen sanat tarih\u00e7isi, arkeolog, mimar, restorat\u00f6r gibi farkl\u0131 disiplinlerdeki uzmanlara Bursa\u2019n\u0131n D\u00fcnya Miras Alanlar\u0131\u2019n\u0131, alanlarda y\u00f6netim plan\u0131 ile ilgili y\u00fcr\u00fct\u00fclen faaliyetleri anlatarak kat\u0131l\u0131mc\u0131lar\u0131n sorular\u0131n\u0131 yan\u0131tlad\u0131lar. Kat\u0131l\u0131mc\u0131lar Bursa \u00fczerinde \u00e7al\u0131\u015farak D\u00fcnya Miras Alanlar\u0131\u2019ndaki \u00f6zg\u00fcnl\u00fck, b\u00fct\u00fcnl\u00fck ve kriterler \u00fczerine d\u00fc\u015f\u00fcncelerini a\u00e7\u0131klay\u0131p notlar ald\u0131lar. Ayr\u0131ca alanlarla ilgili alan gezisi s\u0131ras\u0131nda tespit ettikleri konularla ilgili de\u011ferlendirmelerini Alan Ba\u015fkanl\u0131\u011f\u0131 ekibinin y\u00f6nlendirmeleriyle mevcut durum analizi, hedefler ve eylemler ba\u015fl\u0131klar\u0131yla not ald\u0131lar. 6 May\u0131s Cuma g\u00fcn\u00fc ise kat\u0131l\u0131mc\u0131lar \u00e7al\u0131\u015fmalar\u0131n\u0131 poster sunum haline getirdiler ve her iki grubun s\u00f6zc\u00fcs\u00fc t\u00fcm kat\u0131l\u0131mc\u0131lara sonu\u00e7lar\u0131 aktard\u0131lar.<\/p>\n<p>Alan Y\u00f6netimi 3. Mod\u00fcl i\u00e7in \u00c7EK\u00dcL Vakf\u0131 web sayfas\u0131nda yer alan haber i\u00e7in a\u015fa\u011f\u0131daki linke t\u0131klay\u0131n\u0131z:<a href=\"http:\/\/www.cekulvakfi.org.tr\/haber\/farkli-illerden-17-belediye-deneyimlerini-paylasti\">http:\/\/www.cekulvakfi.org.tr\/haber\/farkli-illerden-17-belediye-deneyimlerini-paylasti\u00a0\u00a0\u00a0<\/a><\/p>\n<p>&nbsp;<\/p>\n","protected":false},"excerpt":{"rendered":"<p>\u00c7ek\u00fcl Akademi, Tarihi Kentler Birli\u011fi ve T\u00fcrkiye Belediyeler Birli\u011fi taraf\u0131ndan ortakla\u015fa y\u00fcr\u00fct\u00fclen, \u201cAlan Y\u00f6netimi: Deneyim ve Payla\u015f\u0131mlar E\u011fitim Program\u0131\u201dn\u0131n 3. Mod\u00fcl\u00fc 4-6 May\u0131s 2016 tarihlerinde Bursa\u2019da ger\u00e7ekle\u015ftirildi. E\u011fitime \u0130zmir B\u00fcy\u00fck\u015fehir, Niksar, \u00dcnye, Mardin B\u00fcy\u00fck\u015fehir, Kayseri B\u00fcy\u00fck\u015fehir, Ey\u00fcp, Sivas, Denizli B\u00fcy\u00fck\u015fehir, [&hellip;]<\/p>\n","protected":false},"author":6,"featured_media":0,"comment_status":"closed","ping_status":"open","sticky":false,"template":"","format":"standard","meta":{"footnotes":""},"categories":[1],"tags":[],"class_list":["post-8356","post","type-post","status-publish","format-standard","hentry","category-news","gallery-content-unit"],"_links":{"self":[{"href":"https:\/\/alanbaskanligi.bursa.bel.tr\/en\/wp-json\/wp\/v2\/posts\/8356","targetHints":{"allow":["GET"]}}],"collection":[{"href":"https:\/\/alanbaskanligi.bursa.bel.tr\/en\/wp-json\/wp\/v2\/posts"}],"about":[{"href":"https:\/\/alanbaskanligi.bursa.bel.tr\/en\/wp-json\/wp\/v2\/types\/post"}],"author":[{"embeddable":true,"href":"https:\/\/alanbaskanligi.bursa.bel.tr\/en\/wp-json\/wp\/v2\/users\/6"}],"replies":[{"embeddable":true,"href":"https:\/\/alanbaskanligi.bursa.bel.tr\/en\/wp-json\/wp\/v2\/comments?post=8356"}],"version-history":[{"count":4,"href":"https:\/\/alanbaskanligi.bursa.bel.tr\/en\/wp-json\/wp\/v2\/posts\/8356\/revisions"}],"predecessor-version":[{"id":8365,"href":"https:\/\/alanbaskanligi.bursa.bel.tr\/en\/wp-json\/wp\/v2\/posts\/8356\/revisions\/8365"}],"wp:attachment":[{"href":"https:\/\/alanbaskanligi.bursa.bel.tr\/en\/wp-json\/wp\/v2\/media?parent=8356"}],"wp:term":[{"taxonomy":"category","embeddable":true,"href":"https:\/\/alanbaskanligi.bursa.bel.tr\/en\/wp-json\/wp\/v2\/categories?post=8356"},{"taxonomy":"post_tag","embeddable":true,"href":"https:\/\/alanbaskanligi.bursa.bel.tr\/en\/wp-json\/wp\/v2\/tags?post=8356"}],"curies":[{"name":"wp","href":"https:\/\/api.w.org\/{rel}","templated":true}]}}