{"id":8366,"date":"2016-06-11T15:16:43","date_gmt":"2016-06-11T12:16:43","guid":{"rendered":"https:\/\/alanbaskanligi.bursa.bel.tr\/en\/?p=8366"},"modified":"2024-08-12T15:17:15","modified_gmt":"2024-08-12T12:17:15","slug":"genc-miras-koruyuculari-projesi-basladi","status":"publish","type":"post","link":"https:\/\/alanbaskanligi.bursa.bel.tr\/en\/genc-miras-koruyuculari-projesi-basladi\/","title":{"rendered":"GEN\u00c7 M\u0130RAS KORUYUCULARI PROJES\u0130 BA\u015eLADI"},"content":{"rendered":"<p>Bursa B\u00fcy\u00fck\u015fehir Belediyesi ortakl\u0131\u011f\u0131 ile Y\u0131ld\u0131r\u0131m \u0130l\u00e7e Milli E\u011fitim M\u00fcd\u00fcrl\u00fc\u011f\u00fc taraf\u0131ndan haz\u0131rlanan Cumal\u0131k\u0131z\u0131k Ortaokul \u00f6\u011frencilerinin uygulayaca\u011f\u0131 Cumal\u0131k\u0131z\u0131k\u2019\u0131n Gen\u00e7 Miras Koruyucular\u0131 Projesi, \u00a0Bursa B\u00fcy\u00fck\u015fehir Belediyesi K\u00fclt\u00fcr ve Turizm Daire Ba\u015fkanl\u0131\u011f\u0131\u2019na ba\u011fl\u0131 Bursa Alan Ba\u015fkanl\u0131\u011f\u0131\u2019ndan Alan Ba\u015fkanl\u0131\u011f\u0131 Koordinat\u00f6r\u00fc Y\u00fcksek Mimar Ayten Ba\u015fdemir ile Y\u00fcksek Sanat Tarih\u00e7isi Eser \u00c7al\u0131ku\u015fu ve Kent M\u00fczesi\u2019nden Arkeolog Mehmet \u00d6nel\u2019in e\u011fitim Seminerleri ile 17.06.2016 tarihinde ba\u015flam\u0131\u015ft\u0131r.<\/p>\n<p>Bursa Alan Ba\u015fkanl\u0131\u011f\u0131 yetkilileri taraf\u0131ndan Cumal\u0131k\u0131z\u0131k Ortaokulu proje \u00f6\u011frencilerine 2014 y\u0131l\u0131nda<strong> UNESCO D\u00fcnya Miras Listesi<\/strong>\u2019ne giren; Hanlar B\u00f6lgesi (Orhan Gazi K\u00fclliyesi ve \u00c7evresi), Sultan K\u00fclliyeleri (H\u00fcdavendigar, Y\u0131ld\u0131r\u0131m, Ye\u015fil, Muradiye) ve Cumal\u0131k\u0131z\u0131k K\u00f6y\u00fc alanlar\u0131n\u0131 koruma ve D\u00fcnya Miras\u0131 bilincinin olu\u015fturulmas\u0131 i\u00e7erikli e\u011fitim verilmi\u015ftir.<\/p>\n<p>Bursa Kent M\u00fczesi deste\u011fi ile Cumal\u0131k\u0131z\u0131k ziyaret\u00e7ilerine y\u00f6nelik haz\u0131rlanan proje faaliyetlerinden biri olan Hazine Av\u0131 Oyun uygulamas\u0131n\u0131n e\u011fitimi yine ayn\u0131 g\u00fcn proje \u00f6\u011frencilerinin kat\u0131l\u0131m\u0131 ile ger\u00e7ekle\u015ftirildi.<\/p>\n<p>Proje yaz d\u00f6nemi boyunca uygulanacak olup,\u00a0 \u00f6\u011frencilerin Cumal\u0131k\u0131z\u0131k Mahallesine (K\u00f6y\u00fcne) gelen ziyaret\u00e7ilere g\u00f6n\u00fcll\u00fc olarak yard\u0131mc\u0131 olmalar\u0131, mahallenin tarihi ve k\u00fclt\u00fcrel miras\u0131n\u0131n tan\u0131t\u0131lmas\u0131nda el\u00e7ilik g\u00f6revi \u00fcstlenmeleri, Gen\u00e7 Miras Koruyucular\u0131 olarak UNESCO D\u00fcnya Miras\u0131 Listesi\u2019nde olan Cumal\u0131k\u0131z\u0131k\u2019\u0131 sahiplenme ve koruma duygusunu edinmelerini ama\u00e7lar. Proje kapsam\u0131nda; e\u011fitim seminerleri, anket ve Cumal\u0131k\u0131z\u0131k tan\u0131t\u0131m uygulamas\u0131, Hazine Av\u0131 Oyunu,\u00a0 Patrimonito Maceralar\u0131 \u00e7izgi film g\u00f6sterimi, Karag\u00f6z- Hacivat g\u00f6lge oyunu g\u00f6sterileri ve Patrimonito Bursa\u2019da hik\u00e2ye kitab\u0131n\u0131 okuma gibi etkinlik programlar\u0131 uygulanacakt\u0131r.<\/p>\n<p>Proje ile ilgili Y\u0131ld\u0131r\u0131m \u0130l\u00e7e Milli E\u011fitim M\u00fcd\u00fcrl\u00fc\u011f\u00fc\u2019nde yer alan haber i\u00e7in a\u015fa\u011f\u0131daki linke t\u0131klay\u0131n\u0131z:<\/p>\n<p><a href=\"https:\/\/yildirim.meb.gov.tr\/www\/genc-miras-koruyuculari-projesi-basladi\/icerik\/616#\">https:\/\/yildirim.meb.gov.tr\/www\/genc-miras-koruyuculari-projesi-basladi\/icerik\/616#<\/a><\/p>\n","protected":false},"excerpt":{"rendered":"<p>Bursa B\u00fcy\u00fck\u015fehir Belediyesi ortakl\u0131\u011f\u0131 ile Y\u0131ld\u0131r\u0131m \u0130l\u00e7e Milli E\u011fitim M\u00fcd\u00fcrl\u00fc\u011f\u00fc taraf\u0131ndan haz\u0131rlanan Cumal\u0131k\u0131z\u0131k Ortaokul \u00f6\u011frencilerinin uygulayaca\u011f\u0131 Cumal\u0131k\u0131z\u0131k\u2019\u0131n Gen\u00e7 Miras Koruyucular\u0131 Projesi, \u00a0Bursa B\u00fcy\u00fck\u015fehir Belediyesi K\u00fclt\u00fcr ve Turizm Daire Ba\u015fkanl\u0131\u011f\u0131\u2019na ba\u011fl\u0131 Bursa Alan Ba\u015fkanl\u0131\u011f\u0131\u2019ndan Alan Ba\u015fkanl\u0131\u011f\u0131 Koordinat\u00f6r\u00fc Y\u00fcksek Mimar Ayten Ba\u015fdemir [&hellip;]<\/p>\n","protected":false},"author":6,"featured_media":0,"comment_status":"closed","ping_status":"open","sticky":false,"template":"","format":"standard","meta":{"footnotes":""},"categories":[1],"tags":[],"class_list":["post-8366","post","type-post","status-publish","format-standard","hentry","category-news","gallery-content-unit"],"_links":{"self":[{"href":"https:\/\/alanbaskanligi.bursa.bel.tr\/en\/wp-json\/wp\/v2\/posts\/8366","targetHints":{"allow":["GET"]}}],"collection":[{"href":"https:\/\/alanbaskanligi.bursa.bel.tr\/en\/wp-json\/wp\/v2\/posts"}],"about":[{"href":"https:\/\/alanbaskanligi.bursa.bel.tr\/en\/wp-json\/wp\/v2\/types\/post"}],"author":[{"embeddable":true,"href":"https:\/\/alanbaskanligi.bursa.bel.tr\/en\/wp-json\/wp\/v2\/users\/6"}],"replies":[{"embeddable":true,"href":"https:\/\/alanbaskanligi.bursa.bel.tr\/en\/wp-json\/wp\/v2\/comments?post=8366"}],"version-history":[{"count":2,"href":"https:\/\/alanbaskanligi.bursa.bel.tr\/en\/wp-json\/wp\/v2\/posts\/8366\/revisions"}],"predecessor-version":[{"id":8371,"href":"https:\/\/alanbaskanligi.bursa.bel.tr\/en\/wp-json\/wp\/v2\/posts\/8366\/revisions\/8371"}],"wp:attachment":[{"href":"https:\/\/alanbaskanligi.bursa.bel.tr\/en\/wp-json\/wp\/v2\/media?parent=8366"}],"wp:term":[{"taxonomy":"category","embeddable":true,"href":"https:\/\/alanbaskanligi.bursa.bel.tr\/en\/wp-json\/wp\/v2\/categories?post=8366"},{"taxonomy":"post_tag","embeddable":true,"href":"https:\/\/alanbaskanligi.bursa.bel.tr\/en\/wp-json\/wp\/v2\/tags?post=8366"}],"curies":[{"name":"wp","href":"https:\/\/api.w.org\/{rel}","templated":true}]}}