{"id":8377,"date":"2016-06-23T15:23:18","date_gmt":"2016-06-23T12:23:18","guid":{"rendered":"https:\/\/alanbaskanligi.bursa.bel.tr\/en\/?p=8377"},"modified":"2024-08-12T15:24:59","modified_gmt":"2024-08-12T12:24:59","slug":"cumalikizikta-sertifikalar-alindi","status":"publish","type":"post","link":"https:\/\/alanbaskanligi.bursa.bel.tr\/en\/cumalikizikta-sertifikalar-alindi\/","title":{"rendered":"Cumal\u0131k\u0131z\u0131k\u2019ta sertifikalar al\u0131nd\u0131"},"content":{"rendered":"<p>Bursa B\u00fcy\u00fck\u015fehir Belediyesi taraf\u0131ndan her y\u0131l 22 Haziran g\u00fcn\u00fcn\u00fc kapsayan tarihlerde \u00e7e\u015fitli etkinlikler d\u00fczenlenmesine karar verilmi\u015f ve 2015 y\u0131l\u0131nda Bursa\u2019n\u0131n D\u00fcnya Miras\u0131 ilan edili\u015finin ilk y\u0131ld\u00f6n\u00fcm\u00fc kutlanm\u0131\u015ft\u0131r. Bu y\u0131l da 22 Haziran\u2019\u0131 kapsayan haftada \u00e7e\u015fitli etkinlikler d\u00fczenlenerek 2. y\u0131l d\u00f6n\u00fcm\u00fc kutlanmaktad\u0131r.<\/p>\n<p>Etkinlikler kapsam\u0131nda, 22 Haziran \u00c7ar\u015famba g\u00fcn\u00fc Cumal\u0131k\u0131z\u0131k K\u00f6y\u00fc, Cami Meydan\u0131\u2019nda saat:14:00\u2019te \u201cMeyve A\u011fa\u00e7lar\u0131nda A\u015f\u0131lama ve Budama Kurslar\u0131 Kat\u0131l\u0131mc\u0131lar\u0131na Sertifika T\u00f6reni\u201d\u00a0 ger\u00e7ekle\u015ftirilmi\u015ftir. Cumal\u0131k\u0131z\u0131k Muhtar\u0131 Emin Yavuz, Cumal\u0131k\u0131z\u0131k Tar\u0131msal Kalk\u0131nma Kooperatifi Ba\u015fkan\u0131 Mehmet Emin Yavuz, Bursa \u0130l G\u0131da Tar\u0131m ve Hayvanc\u0131l\u0131k M\u00fcd\u00fcrl\u00fc\u011f\u00fc temsilcisi, Y\u0131ld\u0131r\u0131m Kaymakam\u0131 Mehmet Ayd\u0131n\u2019\u0131n a\u00e7\u0131l\u0131\u015f konu\u015fmalar\u0131n\u0131 yapt\u0131\u011f\u0131 t\u00f6rende kurslara kat\u0131lan Cumal\u0131k\u0131z\u0131kl\u0131lar sertifikalar\u0131n\u0131 22 Haziran \u00c7ar\u015famba g\u00fcn\u00fc t\u00f6renle ald\u0131lar.<\/p>\n","protected":false},"excerpt":{"rendered":"<p>Bursa B\u00fcy\u00fck\u015fehir Belediyesi taraf\u0131ndan her y\u0131l 22 Haziran g\u00fcn\u00fcn\u00fc kapsayan tarihlerde \u00e7e\u015fitli etkinlikler d\u00fczenlenmesine karar verilmi\u015f ve 2015 y\u0131l\u0131nda Bursa\u2019n\u0131n D\u00fcnya Miras\u0131 ilan edili\u015finin ilk y\u0131ld\u00f6n\u00fcm\u00fc kutlanm\u0131\u015ft\u0131r. Bu y\u0131l da 22 Haziran\u2019\u0131 kapsayan haftada \u00e7e\u015fitli etkinlikler d\u00fczenlenerek 2. y\u0131l d\u00f6n\u00fcm\u00fc [&hellip;]<\/p>\n","protected":false},"author":6,"featured_media":0,"comment_status":"closed","ping_status":"open","sticky":false,"template":"","format":"standard","meta":{"footnotes":""},"categories":[1],"tags":[],"class_list":["post-8377","post","type-post","status-publish","format-standard","hentry","category-news","gallery-content-unit"],"_links":{"self":[{"href":"https:\/\/alanbaskanligi.bursa.bel.tr\/en\/wp-json\/wp\/v2\/posts\/8377","targetHints":{"allow":["GET"]}}],"collection":[{"href":"https:\/\/alanbaskanligi.bursa.bel.tr\/en\/wp-json\/wp\/v2\/posts"}],"about":[{"href":"https:\/\/alanbaskanligi.bursa.bel.tr\/en\/wp-json\/wp\/v2\/types\/post"}],"author":[{"embeddable":true,"href":"https:\/\/alanbaskanligi.bursa.bel.tr\/en\/wp-json\/wp\/v2\/users\/6"}],"replies":[{"embeddable":true,"href":"https:\/\/alanbaskanligi.bursa.bel.tr\/en\/wp-json\/wp\/v2\/comments?post=8377"}],"version-history":[{"count":1,"href":"https:\/\/alanbaskanligi.bursa.bel.tr\/en\/wp-json\/wp\/v2\/posts\/8377\/revisions"}],"predecessor-version":[{"id":8385,"href":"https:\/\/alanbaskanligi.bursa.bel.tr\/en\/wp-json\/wp\/v2\/posts\/8377\/revisions\/8385"}],"wp:attachment":[{"href":"https:\/\/alanbaskanligi.bursa.bel.tr\/en\/wp-json\/wp\/v2\/media?parent=8377"}],"wp:term":[{"taxonomy":"category","embeddable":true,"href":"https:\/\/alanbaskanligi.bursa.bel.tr\/en\/wp-json\/wp\/v2\/categories?post=8377"},{"taxonomy":"post_tag","embeddable":true,"href":"https:\/\/alanbaskanligi.bursa.bel.tr\/en\/wp-json\/wp\/v2\/tags?post=8377"}],"curies":[{"name":"wp","href":"https:\/\/api.w.org\/{rel}","templated":true}]}}