{"id":8744,"date":"2024-01-14T16:06:58","date_gmt":"2024-01-14T13:06:58","guid":{"rendered":"https:\/\/alanbaskanligi.bursa.bel.tr\/en\/?p=8744"},"modified":"2024-08-21T16:10:12","modified_gmt":"2024-08-21T13:10:12","slug":"we-lost-prof-dr-yusuf-oguzoglu-chairman-of-the-advisory-board-of-the-bursa-site-presidency","status":"publish","type":"post","link":"https:\/\/alanbaskanligi.bursa.bel.tr\/en\/we-lost-prof-dr-yusuf-oguzoglu-chairman-of-the-advisory-board-of-the-bursa-site-presidency\/","title":{"rendered":"We lost Prof. Dr. Yusuf O\u011eUZO\u011eLU, Chairman of the Advisory Board of the Bursa Site Presidency"},"content":{"rendered":"<p>We wish God&#8217;s mercy to our esteemed teacher and our condolences to his family and loved ones.<\/p>\n<p>O\u011fuzo\u011flu, who served as the Dean of the Faculty of Fine Arts at Bursa Uluda\u011f University between 2009-2011 and as the Head of the History Department of the Faculty of Arts and Sciences between 1990-2011, will continue to enlighten our path with his contributions to the history of the Ottoman Empire and the city of Bursa as a member of the History Foundation and Bursa Research Foundation.<\/p>\n<p>&nbsp;<\/p>\n<p><a href=\"https:\/\/alanbaskanligi.bursa.bel.tr\/en\/we-lost-prof-dr-yusuf-oguzoglu-chairman-of-the-advisory-board-of-the-bursa-site-presidency\/img_2492-768x576\/\" rel=\"attachment wp-att-8745\"><img loading=\"lazy\" decoding=\"async\" class=\"alignleft size-medium wp-image-8745\" src=\"http:\/\/alanbaskanligi.bursa.bel.tr\/en\/wp-content\/uploads\/2024\/08\/IMG_2492-768x576-1-300x225.jpg\" alt=\"\" width=\"300\" height=\"225\" srcset=\"https:\/\/alanbaskanligi.bursa.bel.tr\/en\/wp-content\/uploads\/2024\/08\/IMG_2492-768x576-1-300x225.jpg 300w, https:\/\/alanbaskanligi.bursa.bel.tr\/en\/wp-content\/uploads\/2024\/08\/IMG_2492-768x576-1-250x188.jpg 250w, https:\/\/alanbaskanligi.bursa.bel.tr\/en\/wp-content\/uploads\/2024\/08\/IMG_2492-768x576-1.jpg 768w\" sizes=\"auto, (max-width: 300px) 100vw, 300px\" \/><\/a><\/p>\n","protected":false},"excerpt":{"rendered":"<p>We wish God&#8217;s mercy to our esteemed teacher and our condolences to his family and loved ones. O\u011fuzo\u011flu, who served as the Dean of the Faculty of Fine Arts at Bursa Uluda\u011f University between 2009-2011 and as the Head of [&hellip;]<\/p>\n","protected":false},"author":6,"featured_media":8924,"comment_status":"closed","ping_status":"open","sticky":false,"template":"","format":"standard","meta":{"footnotes":""},"categories":[1],"tags":[],"class_list":["post-8744","post","type-post","status-publish","format-standard","has-post-thumbnail","hentry","category-news","gallery-content-unit"],"_links":{"self":[{"href":"https:\/\/alanbaskanligi.bursa.bel.tr\/en\/wp-json\/wp\/v2\/posts\/8744","targetHints":{"allow":["GET"]}}],"collection":[{"href":"https:\/\/alanbaskanligi.bursa.bel.tr\/en\/wp-json\/wp\/v2\/posts"}],"about":[{"href":"https:\/\/alanbaskanligi.bursa.bel.tr\/en\/wp-json\/wp\/v2\/types\/post"}],"author":[{"embeddable":true,"href":"https:\/\/alanbaskanligi.bursa.bel.tr\/en\/wp-json\/wp\/v2\/users\/6"}],"replies":[{"embeddable":true,"href":"https:\/\/alanbaskanligi.bursa.bel.tr\/en\/wp-json\/wp\/v2\/comments?post=8744"}],"version-history":[{"count":2,"href":"https:\/\/alanbaskanligi.bursa.bel.tr\/en\/wp-json\/wp\/v2\/posts\/8744\/revisions"}],"predecessor-version":[{"id":8747,"href":"https:\/\/alanbaskanligi.bursa.bel.tr\/en\/wp-json\/wp\/v2\/posts\/8744\/revisions\/8747"}],"wp:featuredmedia":[{"embeddable":true,"href":"https:\/\/alanbaskanligi.bursa.bel.tr\/en\/wp-json\/wp\/v2\/media\/8924"}],"wp:attachment":[{"href":"https:\/\/alanbaskanligi.bursa.bel.tr\/en\/wp-json\/wp\/v2\/media?parent=8744"}],"wp:term":[{"taxonomy":"category","embeddable":true,"href":"https:\/\/alanbaskanligi.bursa.bel.tr\/en\/wp-json\/wp\/v2\/categories?post=8744"},{"taxonomy":"post_tag","embeddable":true,"href":"https:\/\/alanbaskanligi.bursa.bel.tr\/en\/wp-json\/wp\/v2\/tags?post=8744"}],"curies":[{"name":"wp","href":"https:\/\/api.w.org\/{rel}","templated":true}]}}